{"id":360,"date":"2020-11-12T11:02:26","date_gmt":"2020-11-12T10:02:26","guid":{"rendered":"http:\/\/revedebouchons61.com\/?p=360"},"modified":"2022-02-10T10:27:52","modified_gmt":"2022-02-10T09:27:52","slug":"incendie-de-nos-locaux","status":"publish","type":"post","link":"https:\/\/revedebouchons61.com\/index.php\/2020\/11\/12\/incendie-de-nos-locaux\/","title":{"rendered":"Incendie des locaux"},"content":{"rendered":"\t\t<div data-elementor-type=\"wp-post\" data-elementor-id=\"360\" class=\"elementor elementor-360\">\n\t\t\t\t\t\t<section class=\"elementor-section elementor-top-section elementor-element elementor-element-12dee377 elementor-section-full_width elementor-section-height-default elementor-section-height-default\" data-id=\"12dee377\" data-element_type=\"section\" data-e-type=\"section\">\n\t\t\t\t\t\t<div class=\"elementor-container elementor-column-gap-default\">\n\t\t\t\t\t<div class=\"elementor-column elementor-col-100 elementor-top-column elementor-element elementor-element-7d058ad9\" data-id=\"7d058ad9\" data-element_type=\"column\" data-e-type=\"column\">\n\t\t\t<div class=\"elementor-widget-wrap elementor-element-populated\">\n\t\t\t\t\t\t<section class=\"elementor-section elementor-inner-section elementor-element elementor-element-59feb45c elementor-section-full_width elementor-section-height-default elementor-section-height-default\" data-id=\"59feb45c\" data-element_type=\"section\" data-e-type=\"section\">\n\t\t\t\t\t\t<div class=\"elementor-container elementor-column-gap-default\">\n\t\t\t\t\t<div class=\"elementor-column elementor-col-50 elementor-inner-column elementor-element elementor-element-16e1f744\" data-id=\"16e1f744\" data-element_type=\"column\" data-e-type=\"column\">\n\t\t\t<div class=\"elementor-widget-wrap elementor-element-populated\">\n\t\t\t\t\t\t<div class=\"elementor-element elementor-element-153bd502 elementor-widget elementor-widget-heading\" data-id=\"153bd502\" data-element_type=\"widget\" data-e-type=\"widget\" data-widget_type=\"heading.default\">\n\t\t\t\t<div class=\"elementor-widget-container\">\n\t\t\t\t\t<h4 class=\"elementor-heading-title elementor-size-default\">14 ao\u00fbt: Incendie de la Redingote<\/h4>\t\t\t\t<\/div>\n\t\t\t\t<\/div>\n\t\t\t\t<div class=\"elementor-element elementor-element-537ad035 elementor-widget elementor-widget-text-editor\" data-id=\"537ad035\" data-element_type=\"widget\" data-e-type=\"widget\" data-widget_type=\"text-editor.default\">\n\t\t\t\t<div class=\"elementor-widget-container\">\n\t\t\t\t\t\t\t\t\t<p>Vendredi 14 ao\u00fbt \u00e0 19h, les locaux de la Redingote qui nous h\u00e9bergeaient sont d\u00e9truits par un incendie. Il ne reste plus rien mais nous avons pu sauver le stock de bouchons de l&rsquo;ann\u00e9e qui \u00e9tait stock\u00e9 dans l&rsquo;arri\u00e8re-cour. <strong><span style=\"color: #0000ff;\">Il nous faut maintenant retrouver au plus vite un nouveau local.<\/span><\/strong> Que vous soyiez particulier, artisan ou chef d&rsquo;entreprise dans les environs de Flers, si vous pouvez mettre \u00e0 notre disposition un local d&rsquo;environ 60 m2, merci de nous contacter.<\/p>\t\t\t\t\t\t\t\t<\/div>\n\t\t\t\t<\/div>\n\t\t\t\t\t<\/div>\n\t\t<\/div>\n\t\t\t\t<div class=\"elementor-column elementor-col-50 elementor-inner-column elementor-element elementor-element-75427ba4\" data-id=\"75427ba4\" data-element_type=\"column\" data-e-type=\"column\">\n\t\t\t<div class=\"elementor-widget-wrap elementor-element-populated\">\n\t\t\t\t\t\t<div class=\"elementor-element elementor-element-2169cb6a elementor-widget elementor-widget-image\" data-id=\"2169cb6a\" data-element_type=\"widget\" data-e-type=\"widget\" data-widget_type=\"image.default\">\n\t\t\t\t<div class=\"elementor-widget-container\">\n\t\t\t\t\t\t\t\t\t\t\t\t\t\t\t<img fetchpriority=\"high\" decoding=\"async\" width=\"1024\" height=\"677\" src=\"https:\/\/revedebouchons61.com\/wp-content\/uploads\/2020\/10\/incendie-redingote-2-1024x677.jpg\" class=\"attachment-large size-large wp-image-458\" alt=\"\" srcset=\"https:\/\/revedebouchons61.com\/wp-content\/uploads\/2020\/10\/incendie-redingote-2-1024x677.jpg 1024w, https:\/\/revedebouchons61.com\/wp-content\/uploads\/2020\/10\/incendie-redingote-2-300x198.jpg 300w, https:\/\/revedebouchons61.com\/wp-content\/uploads\/2020\/10\/incendie-redingote-2-768x508.jpg 768w, https:\/\/revedebouchons61.com\/wp-content\/uploads\/2020\/10\/incendie-redingote-2-1536x1015.jpg 1536w, https:\/\/revedebouchons61.com\/wp-content\/uploads\/2020\/10\/incendie-redingote-2-2048x1353.jpg 2048w\" sizes=\"(max-width: 1024px) 100vw, 1024px\" \/>\t\t\t\t\t\t\t\t\t\t\t\t\t\t\t<\/div>\n\t\t\t\t<\/div>\n\t\t\t\t\t<\/div>\n\t\t<\/div>\n\t\t\t\t\t<\/div>\n\t\t<\/section>\n\t\t\t\t<div class=\"elementor-element elementor-element-2dcf960a elementor-widget elementor-widget-spacer\" data-id=\"2dcf960a\" data-element_type=\"widget\" data-e-type=\"widget\" data-widget_type=\"spacer.default\">\n\t\t\t\t<div class=\"elementor-widget-container\">\n\t\t\t\t\t\t\t<div class=\"elementor-spacer\">\n\t\t\t<div class=\"elementor-spacer-inner\"><\/div>\n\t\t<\/div>\n\t\t\t\t\t\t<\/div>\n\t\t\t\t<\/div>\n\t\t\t\t<div class=\"elementor-element elementor-element-2a68a59b elementor-widget elementor-widget-spacer\" data-id=\"2a68a59b\" data-element_type=\"widget\" data-e-type=\"widget\" data-widget_type=\"spacer.default\">\n\t\t\t\t<div class=\"elementor-widget-container\">\n\t\t\t\t\t\t\t<div class=\"elementor-spacer\">\n\t\t\t<div class=\"elementor-spacer-inner\"><\/div>\n\t\t<\/div>\n\t\t\t\t\t\t<\/div>\n\t\t\t\t<\/div>\n\t\t\t\t\t<\/div>\n\t\t<\/div>\n\t\t\t\t\t<\/div>\n\t\t<\/section>\n\t\t\t\t<\/div>\n\t\t","protected":false},"excerpt":{"rendered":"<p>14 ao\u00fbt: Incendie de la Redingote Vendredi 14 ao\u00fbt \u00e0 19h, les locaux de la Redingote qui nous h\u00e9bergeaient sont d\u00e9truits par un incendie. Il ne reste plus rien mais nous avons pu sauver le stock de bouchons de l&rsquo;ann\u00e9e qui \u00e9tait stock\u00e9 dans l&rsquo;arri\u00e8re-cour. Il nous faut maintenant retrouver au plus vite un nouveau&hellip;&nbsp;<a href=\"https:\/\/revedebouchons61.com\/index.php\/2020\/11\/12\/incendie-de-nos-locaux\/\" rel=\"bookmark\">Lire la suite &raquo;<span class=\"screen-reader-text\">Incendie des locaux<\/span><\/a><\/p>\n","protected":false},"author":1,"featured_media":458,"comment_status":"closed","ping_status":"closed","sticky":false,"template":"","format":"standard","meta":{"neve_meta_sidebar":"","neve_meta_container":"","neve_meta_enable_content_width":"","neve_meta_content_width":0,"neve_meta_title_alignment":"","neve_meta_author_avatar":"","neve_post_elements_order":"","neve_meta_disable_header":"","neve_meta_disable_footer":"","neve_meta_disable_title":"","footnotes":""},"categories":[1],"tags":[],"class_list":["post-360","post","type-post","status-publish","format-standard","has-post-thumbnail","hentry","category-non-classe"],"yoast_head":"<!-- This site is optimized with the Yoast SEO plugin v26.0 - https:\/\/yoast.com\/wordpress\/plugins\/seo\/ -->\n<title>Incendie des locaux - R\u00eave de bouchons 61<\/title>\n<meta name=\"robots\" content=\"index, follow, max-snippet:-1, max-image-preview:large, max-video-preview:-1\" \/>\n<link rel=\"canonical\" href=\"https:\/\/revedebouchons61.com\/index.php\/2020\/11\/12\/incendie-de-nos-locaux\/\" \/>\n<meta property=\"og:locale\" content=\"fr_FR\" \/>\n<meta property=\"og:type\" content=\"article\" \/>\n<meta property=\"og:title\" content=\"Incendie des locaux - R\u00eave de bouchons 61\" \/>\n<meta property=\"og:description\" content=\"14 ao\u00fbt: Incendie de la Redingote Vendredi 14 ao\u00fbt \u00e0 19h, les locaux de la Redingote qui nous h\u00e9bergeaient sont d\u00e9truits par un incendie. Il ne reste plus rien mais nous avons pu sauver le stock de bouchons de l&rsquo;ann\u00e9e qui \u00e9tait stock\u00e9 dans l&rsquo;arri\u00e8re-cour. Il nous faut maintenant retrouver au plus vite un nouveau&hellip;&nbsp;Lire la suite &raquo;Incendie des locaux\" \/>\n<meta property=\"og:url\" content=\"https:\/\/revedebouchons61.com\/index.php\/2020\/11\/12\/incendie-de-nos-locaux\/\" \/>\n<meta property=\"og:site_name\" content=\"R\u00eave de bouchons 61\" \/>\n<meta property=\"article:published_time\" content=\"2020-11-12T10:02:26+00:00\" \/>\n<meta property=\"article:modified_time\" content=\"2022-02-10T09:27:52+00:00\" \/>\n<meta property=\"og:image\" content=\"https:\/\/revedebouchons61.com\/wp-content\/uploads\/2020\/10\/incendie-redingote-2-scaled.jpg\" \/>\n\t<meta property=\"og:image:width\" content=\"2560\" \/>\n\t<meta property=\"og:image:height\" content=\"1692\" \/>\n\t<meta property=\"og:image:type\" content=\"image\/jpeg\" \/>\n<meta name=\"author\" content=\"R\u00eave de Bouchons 61\" \/>\n<meta name=\"twitter:card\" content=\"summary_large_image\" \/>\n<meta name=\"twitter:label1\" content=\"\u00c9crit par\" \/>\n\t<meta name=\"twitter:data1\" content=\"R\u00eave de Bouchons 61\" \/>\n\t<meta name=\"twitter:label2\" content=\"Dur\u00e9e de lecture estim\u00e9e\" \/>\n\t<meta name=\"twitter:data2\" content=\"1 minute\" \/>\n<script type=\"application\/ld+json\" class=\"yoast-schema-graph\">{\"@context\":\"https:\/\/schema.org\",\"@graph\":[{\"@type\":\"WebPage\",\"@id\":\"https:\/\/revedebouchons61.com\/index.php\/2020\/11\/12\/incendie-de-nos-locaux\/\",\"url\":\"https:\/\/revedebouchons61.com\/index.php\/2020\/11\/12\/incendie-de-nos-locaux\/\",\"name\":\"Incendie des locaux - R\u00eave de bouchons 61\",\"isPartOf\":{\"@id\":\"https:\/\/revedebouchons61.com\/#website\"},\"primaryImageOfPage\":{\"@id\":\"https:\/\/revedebouchons61.com\/index.php\/2020\/11\/12\/incendie-de-nos-locaux\/#primaryimage\"},\"image\":{\"@id\":\"https:\/\/revedebouchons61.com\/index.php\/2020\/11\/12\/incendie-de-nos-locaux\/#primaryimage\"},\"thumbnailUrl\":\"https:\/\/revedebouchons61.com\/wp-content\/uploads\/2020\/10\/incendie-redingote-2-scaled.jpg\",\"datePublished\":\"2020-11-12T10:02:26+00:00\",\"dateModified\":\"2022-02-10T09:27:52+00:00\",\"author\":{\"@id\":\"https:\/\/revedebouchons61.com\/#\/schema\/person\/a61d6870ceb24fef66feda7e9334daff\"},\"breadcrumb\":{\"@id\":\"https:\/\/revedebouchons61.com\/index.php\/2020\/11\/12\/incendie-de-nos-locaux\/#breadcrumb\"},\"inLanguage\":\"fr-FR\",\"potentialAction\":[{\"@type\":\"ReadAction\",\"target\":[\"https:\/\/revedebouchons61.com\/index.php\/2020\/11\/12\/incendie-de-nos-locaux\/\"]}]},{\"@type\":\"ImageObject\",\"inLanguage\":\"fr-FR\",\"@id\":\"https:\/\/revedebouchons61.com\/index.php\/2020\/11\/12\/incendie-de-nos-locaux\/#primaryimage\",\"url\":\"https:\/\/revedebouchons61.com\/wp-content\/uploads\/2020\/10\/incendie-redingote-2-scaled.jpg\",\"contentUrl\":\"https:\/\/revedebouchons61.com\/wp-content\/uploads\/2020\/10\/incendie-redingote-2-scaled.jpg\",\"width\":2560,\"height\":1692},{\"@type\":\"BreadcrumbList\",\"@id\":\"https:\/\/revedebouchons61.com\/index.php\/2020\/11\/12\/incendie-de-nos-locaux\/#breadcrumb\",\"itemListElement\":[{\"@type\":\"ListItem\",\"position\":1,\"name\":\"Accueil\",\"item\":\"https:\/\/revedebouchons61.com\/\"},{\"@type\":\"ListItem\",\"position\":2,\"name\":\"Incendie des locaux\"}]},{\"@type\":\"WebSite\",\"@id\":\"https:\/\/revedebouchons61.com\/#website\",\"url\":\"https:\/\/revedebouchons61.com\/\",\"name\":\"R\u00eave de bouchons 61\",\"description\":\"Association \u00e0 but humanitaire\",\"potentialAction\":[{\"@type\":\"SearchAction\",\"target\":{\"@type\":\"EntryPoint\",\"urlTemplate\":\"https:\/\/revedebouchons61.com\/?s={search_term_string}\"},\"query-input\":{\"@type\":\"PropertyValueSpecification\",\"valueRequired\":true,\"valueName\":\"search_term_string\"}}],\"inLanguage\":\"fr-FR\"},{\"@type\":\"Person\",\"@id\":\"https:\/\/revedebouchons61.com\/#\/schema\/person\/a61d6870ceb24fef66feda7e9334daff\",\"name\":\"R\u00eave de Bouchons 61\",\"sameAs\":[\"http:\/\/revedebouchons61.com\"],\"url\":\"https:\/\/revedebouchons61.com\/index.php\/author\/admin3625\/\"}]}<\/script>\n<!-- \/ Yoast SEO plugin. -->","yoast_head_json":{"title":"Incendie des locaux - R\u00eave de bouchons 61","robots":{"index":"index","follow":"follow","max-snippet":"max-snippet:-1","max-image-preview":"max-image-preview:large","max-video-preview":"max-video-preview:-1"},"canonical":"https:\/\/revedebouchons61.com\/index.php\/2020\/11\/12\/incendie-de-nos-locaux\/","og_locale":"fr_FR","og_type":"article","og_title":"Incendie des locaux - R\u00eave de bouchons 61","og_description":"14 ao\u00fbt: Incendie de la Redingote Vendredi 14 ao\u00fbt \u00e0 19h, les locaux de la Redingote qui nous h\u00e9bergeaient sont d\u00e9truits par un incendie. Il ne reste plus rien mais nous avons pu sauver le stock de bouchons de l&rsquo;ann\u00e9e qui \u00e9tait stock\u00e9 dans l&rsquo;arri\u00e8re-cour. Il nous faut maintenant retrouver au plus vite un nouveau&hellip;&nbsp;Lire la suite &raquo;Incendie des locaux","og_url":"https:\/\/revedebouchons61.com\/index.php\/2020\/11\/12\/incendie-de-nos-locaux\/","og_site_name":"R\u00eave de bouchons 61","article_published_time":"2020-11-12T10:02:26+00:00","article_modified_time":"2022-02-10T09:27:52+00:00","og_image":[{"width":2560,"height":1692,"url":"https:\/\/revedebouchons61.com\/wp-content\/uploads\/2020\/10\/incendie-redingote-2-scaled.jpg","type":"image\/jpeg"}],"author":"R\u00eave de Bouchons 61","twitter_card":"summary_large_image","twitter_misc":{"\u00c9crit par":"R\u00eave de Bouchons 61","Dur\u00e9e de lecture estim\u00e9e":"1 minute"},"schema":{"@context":"https:\/\/schema.org","@graph":[{"@type":"WebPage","@id":"https:\/\/revedebouchons61.com\/index.php\/2020\/11\/12\/incendie-de-nos-locaux\/","url":"https:\/\/revedebouchons61.com\/index.php\/2020\/11\/12\/incendie-de-nos-locaux\/","name":"Incendie des locaux - R\u00eave de bouchons 61","isPartOf":{"@id":"https:\/\/revedebouchons61.com\/#website"},"primaryImageOfPage":{"@id":"https:\/\/revedebouchons61.com\/index.php\/2020\/11\/12\/incendie-de-nos-locaux\/#primaryimage"},"image":{"@id":"https:\/\/revedebouchons61.com\/index.php\/2020\/11\/12\/incendie-de-nos-locaux\/#primaryimage"},"thumbnailUrl":"https:\/\/revedebouchons61.com\/wp-content\/uploads\/2020\/10\/incendie-redingote-2-scaled.jpg","datePublished":"2020-11-12T10:02:26+00:00","dateModified":"2022-02-10T09:27:52+00:00","author":{"@id":"https:\/\/revedebouchons61.com\/#\/schema\/person\/a61d6870ceb24fef66feda7e9334daff"},"breadcrumb":{"@id":"https:\/\/revedebouchons61.com\/index.php\/2020\/11\/12\/incendie-de-nos-locaux\/#breadcrumb"},"inLanguage":"fr-FR","potentialAction":[{"@type":"ReadAction","target":["https:\/\/revedebouchons61.com\/index.php\/2020\/11\/12\/incendie-de-nos-locaux\/"]}]},{"@type":"ImageObject","inLanguage":"fr-FR","@id":"https:\/\/revedebouchons61.com\/index.php\/2020\/11\/12\/incendie-de-nos-locaux\/#primaryimage","url":"https:\/\/revedebouchons61.com\/wp-content\/uploads\/2020\/10\/incendie-redingote-2-scaled.jpg","contentUrl":"https:\/\/revedebouchons61.com\/wp-content\/uploads\/2020\/10\/incendie-redingote-2-scaled.jpg","width":2560,"height":1692},{"@type":"BreadcrumbList","@id":"https:\/\/revedebouchons61.com\/index.php\/2020\/11\/12\/incendie-de-nos-locaux\/#breadcrumb","itemListElement":[{"@type":"ListItem","position":1,"name":"Accueil","item":"https:\/\/revedebouchons61.com\/"},{"@type":"ListItem","position":2,"name":"Incendie des locaux"}]},{"@type":"WebSite","@id":"https:\/\/revedebouchons61.com\/#website","url":"https:\/\/revedebouchons61.com\/","name":"R\u00eave de bouchons 61","description":"Association \u00e0 but humanitaire","potentialAction":[{"@type":"SearchAction","target":{"@type":"EntryPoint","urlTemplate":"https:\/\/revedebouchons61.com\/?s={search_term_string}"},"query-input":{"@type":"PropertyValueSpecification","valueRequired":true,"valueName":"search_term_string"}}],"inLanguage":"fr-FR"},{"@type":"Person","@id":"https:\/\/revedebouchons61.com\/#\/schema\/person\/a61d6870ceb24fef66feda7e9334daff","name":"R\u00eave de Bouchons 61","sameAs":["http:\/\/revedebouchons61.com"],"url":"https:\/\/revedebouchons61.com\/index.php\/author\/admin3625\/"}]}},"_links":{"self":[{"href":"https:\/\/revedebouchons61.com\/index.php\/wp-json\/wp\/v2\/posts\/360","targetHints":{"allow":["GET"]}}],"collection":[{"href":"https:\/\/revedebouchons61.com\/index.php\/wp-json\/wp\/v2\/posts"}],"about":[{"href":"https:\/\/revedebouchons61.com\/index.php\/wp-json\/wp\/v2\/types\/post"}],"author":[{"embeddable":true,"href":"https:\/\/revedebouchons61.com\/index.php\/wp-json\/wp\/v2\/users\/1"}],"replies":[{"embeddable":true,"href":"https:\/\/revedebouchons61.com\/index.php\/wp-json\/wp\/v2\/comments?post=360"}],"version-history":[{"count":28,"href":"https:\/\/revedebouchons61.com\/index.php\/wp-json\/wp\/v2\/posts\/360\/revisions"}],"predecessor-version":[{"id":1067,"href":"https:\/\/revedebouchons61.com\/index.php\/wp-json\/wp\/v2\/posts\/360\/revisions\/1067"}],"wp:featuredmedia":[{"embeddable":true,"href":"https:\/\/revedebouchons61.com\/index.php\/wp-json\/wp\/v2\/media\/458"}],"wp:attachment":[{"href":"https:\/\/revedebouchons61.com\/index.php\/wp-json\/wp\/v2\/media?parent=360"}],"wp:term":[{"taxonomy":"category","embeddable":true,"href":"https:\/\/revedebouchons61.com\/index.php\/wp-json\/wp\/v2\/categories?post=360"},{"taxonomy":"post_tag","embeddable":true,"href":"https:\/\/revedebouchons61.com\/index.php\/wp-json\/wp\/v2\/tags?post=360"}],"curies":[{"name":"wp","href":"https:\/\/api.w.org\/{rel}","templated":true}]}}